{"id":683,"date":"2026-08-30T21:03:31","date_gmt":"2026-08-30T19:03:31","guid":{"rendered":"https:\/\/biohof-weller.de\/wordpress\/?p=683"},"modified":"2026-08-30T21:08:52","modified_gmt":"2026-08-30T19:08:52","slug":"wieder-da","status":"publish","type":"post","link":"https:\/\/biohof-weller.de\/wordpress\/wieder-da\/","title":{"rendered":"Wir sind wieder da!"},"content":{"rendered":"\n<p class=\"wp-block-paragraph\">Herzliche Gr\u00fc\u00dfe aus Bergkirchen!<\/p>\n\n\n\n<p class=\"wp-block-paragraph\">Unser Laden hat ab 4. September wieder ge\u00f6ffnet! Zum Start gibt es am 04.09. gleich frische Suppenhennen. Immer freitags von 10 bis 18 Uhr sind wir f\u00fcr Euch da.<\/p>\n\n\n\n<p class=\"wp-block-paragraph\">Die Frischetermine f\u00fcr unser Gefl\u00fcgel, die Schweine und L\u00e4mmer findet Ihr im gro\u00dfen Herbstangebot. Hier geht&#8217;s zur <a href=\"https:\/\/biohof-weller.de\/wordpress\/vorbestellung\/\" data-type=\"page\" data-id=\"206\">Vorbestellung<\/a>. Wir freuen uns \u00fcber Eure Bestellung und Weiterempfehlung an Freunde und Verwandte.<\/p>\n\n\n\n<p class=\"wp-block-paragraph\"><strong>Freitag, der perfekte Tag f\u00fcr Euren Wochenendeinkauf bei uns!\ud83d\ude0a<\/strong><\/p>\n\n\n\n<p class=\"wp-block-paragraph\">Im Laden bieten wir eine sch\u00f6ne Frischetheke mit einer ausgesuchten Wurst- und K\u00e4seauswahl und hausgemachten Aufstrichen und Braten an.\u00a0Brot, Semmeln und Brezen, hausgemachte Kuchen, Obst, Gem\u00fcse und Milchprodukte runden das Angebot ab. Tiefk\u00fchlgefl\u00fcgel und Fleisch und W\u00fcrstl sind immer vorr\u00e4tig. Hausgemachte Nudeln mit unseren Eiern, Fruchtaufstriche, Salze, M\u00fcsli und Lik\u00f6re stehen f\u00fcr Euch bereit.<\/p>\n\n\n\n<p class=\"wp-block-paragraph\">Kommts vorbei, wir freuen uns \u00fcber Euren Zuspruch zu unserer Art Landwirtschaft zu leben.<\/p>\n\n\n\n<p class=\"wp-block-paragraph\"><strong>Herzlichst Familie Weller<\/strong><\/p>\n\n\n\n<p class=\"wp-block-paragraph\"><\/p>\n","protected":false},"excerpt":{"rendered":"<p>Herzliche Gr\u00fc\u00dfe aus Bergkirchen! Unser Laden hat ab 4. September wieder ge\u00f6ffnet! Zum Start gibt es am 04.09. gleich frische Suppenhennen. Immer freitags von 10 bis<span class=\"excerpt-hellip\"> [\u2026]<\/span><\/p>\n","protected":false},"author":2,"featured_media":353,"comment_status":"open","ping_status":"closed","sticky":false,"template":"","format":"standard","meta":{"footnotes":""},"categories":[1],"tags":[],"class_list":["post-683","post","type-post","status-publish","format-standard","has-post-thumbnail","hentry","category-uncategorized"],"_links":{"self":[{"href":"https:\/\/biohof-weller.de\/wordpress\/wp-json\/wp\/v2\/posts\/683","targetHints":{"allow":["GET"]}}],"collection":[{"href":"https:\/\/biohof-weller.de\/wordpress\/wp-json\/wp\/v2\/posts"}],"about":[{"href":"https:\/\/biohof-weller.de\/wordpress\/wp-json\/wp\/v2\/types\/post"}],"author":[{"embeddable":true,"href":"https:\/\/biohof-weller.de\/wordpress\/wp-json\/wp\/v2\/users\/2"}],"replies":[{"embeddable":true,"href":"https:\/\/biohof-weller.de\/wordpress\/wp-json\/wp\/v2\/comments?post=683"}],"version-history":[{"count":8,"href":"https:\/\/biohof-weller.de\/wordpress\/wp-json\/wp\/v2\/posts\/683\/revisions"}],"predecessor-version":[{"id":976,"href":"https:\/\/biohof-weller.de\/wordpress\/wp-json\/wp\/v2\/posts\/683\/revisions\/976"}],"wp:featuredmedia":[{"embeddable":true,"href":"https:\/\/biohof-weller.de\/wordpress\/wp-json\/wp\/v2\/media\/353"}],"wp:attachment":[{"href":"https:\/\/biohof-weller.de\/wordpress\/wp-json\/wp\/v2\/media?parent=683"}],"wp:term":[{"taxonomy":"category","embeddable":true,"href":"https:\/\/biohof-weller.de\/wordpress\/wp-json\/wp\/v2\/categories?post=683"},{"taxonomy":"post_tag","embeddable":true,"href":"https:\/\/biohof-weller.de\/wordpress\/wp-json\/wp\/v2\/tags?post=683"}],"curies":[{"name":"wp","href":"https:\/\/api.w.org\/{rel}","templated":true}]}}